{"id":9756,"__str__":"Justificativa de Falta n\u00ba 42 de 2025","link_detail_backend":"/materia/9756","metadata":{},"numero":42,"ano":2025,"numero_protocolo":1573,"data_apresentacao":"2025-08-21","tipo_apresentacao":"","data_publicacao":null,"numero_origem_externa":"","ano_origem_externa":null,"data_origem_externa":null,"apelido":"","dias_prazo":null,"data_fim_prazo":null,"em_tramitacao":true,"polemica":false,"objeto":"","complementar":false,"ementa":"COMUNICO AO PRESIDENTE DA C\u00c2MARA MUNICIPAL DE SANTANA, JOSIVALDO ABRANTES, QUE N\u00c3O ESTAREI PRESENTE NA 40\u00ba SESS\u00c3O ORDIN\u00c1RIA  REALIZADA NO DIA 21 DE AGOSTO DO ANO EM CURSO, DEVIDO A UMA AGENDA DE NATUREZA INSTITUCIONAL/ASSOCIATIVA, QUE DEMANDA PRESEN\u00c7A E COLABORA\u00c7\u00c3O. DIANTE DO EXPOSTO SOLICITO JUSTIFICATIVA DE FALTA.","indexacao":"","observacao":"","resultado":"","texto_original":"http://sapl.santana.ap.leg.br/media/sapl/public/materialegislativa/2025/9756/justificativa_21-08.pdf","data_ultima_atualizacao":"2025-08-21T11:54:04.406006-03:00","ip":"186.216.180.75","ultima_edicao":"2025-08-21T11:50:16.840766-03:00","tipo":17,"regime_tramitacao":3,"tipo_origem_externa":null,"local_origem_externa":null,"user":31,"anexadas":[],"autores":[13]}