{"id":9745,"__str__":"REQUERIMENTO n\u00ba 1131 de 2025","link_detail_backend":"/materia/9745","metadata":{},"numero":1131,"ano":2025,"numero_protocolo":1562,"data_apresentacao":"2025-08-20","tipo_apresentacao":"","data_publicacao":null,"numero_origem_externa":"","ano_origem_externa":null,"data_origem_externa":null,"apelido":"","dias_prazo":null,"data_fim_prazo":null,"em_tramitacao":true,"polemica":false,"objeto":"","complementar":false,"ementa":"AO EXCELENT\u00cdSSIMO SENHOR SEBASTI\u00c3O FERREIRA DA ROCHA , PREFEITO MUNICIPAL DE SANTANA, COM C\u00d3PIA AO EXCELENT\u00cdSSIMO SENHOR ANDERSON RICARDO ALMEIDA FEIO, SECRET\u00c1RIO MUNICIPAL DE OBRAS P\u00daBLICAS E SERVI\u00c7OS URBANOS - SEMOP, SOLICITO COLOCA\u00c7\u00c3O DE BLOQUETES NA TRAVESSA 12, ENTRE A AVENIDA VALE VERDE E A RUA CL\u00c1UDIO L\u00daCIO MONTEIRO NO BAIRRO PROVEDOR II.","indexacao":"","observacao":"","resultado":"","texto_original":"http://sapl.santana.ap.leg.br/media/sapl/public/materialegislativa/2025/9745/requerimento_no_bloquetes_na_travessa_12.doc","data_ultima_atualizacao":"2025-08-26T11:21:01.855742-03:00","ip":"","ultima_edicao":null,"tipo":6,"regime_tramitacao":3,"tipo_origem_externa":null,"local_origem_externa":null,"user":null,"anexadas":[],"autores":[59]}