{"id":9740,"__str__":"REQUERIMENTO n\u00ba 1127 de 2025","link_detail_backend":"/materia/9740","metadata":{},"numero":1127,"ano":2025,"numero_protocolo":1557,"data_apresentacao":"2025-08-20","tipo_apresentacao":"","data_publicacao":null,"numero_origem_externa":"","ano_origem_externa":null,"data_origem_externa":null,"apelido":"","dias_prazo":null,"data_fim_prazo":null,"em_tramitacao":true,"polemica":false,"objeto":"","complementar":false,"ementa":"REQUER AP\u00d3S A APRECIA\u00c7\u00c3O DO SOBERANO PLEN\u00c1RIO, A CONVERS\u00c3O DA SESS\u00c3O ORDIN\u00c1RIA DO DIA 28 DE AGOSTO DE 2025, EM SESS\u00c3O SOLENE, EM ALUS\u00c3O AO DIA DO ADVOGADO, COMEMORADO EM 11 DE AGOSTO.","indexacao":"","observacao":"","resultado":"","texto_original":"http://sapl.santana.ap.leg.br/media/sapl/public/materialegislativa/2025/9740/sessao_solene_advogados.doc","data_ultima_atualizacao":"2025-08-26T11:21:01.087183-03:00","ip":"","ultima_edicao":null,"tipo":6,"regime_tramitacao":3,"tipo_origem_externa":null,"local_origem_externa":null,"user":null,"anexadas":[],"autores":[43]}