{"id":9166,"__str__":"REQUERIMENTO n\u00ba 701 de 2025","link_detail_backend":"/materia/9166","metadata":{},"numero":701,"ano":2025,"numero_protocolo":984,"data_apresentacao":"2025-05-28","tipo_apresentacao":"","data_publicacao":null,"numero_origem_externa":"","ano_origem_externa":null,"data_origem_externa":null,"apelido":"","dias_prazo":null,"data_fim_prazo":null,"em_tramitacao":true,"polemica":false,"objeto":"","complementar":false,"ementa":"REQUER AO PREFEITO MUNICIPAL DE SANTANA, COM C\u00d3PIA AO SECRET\u00c1RIO MUNICIPAL DE OBRAS P\u00daBLICAS E SERVI\u00c7OS URBANOS \u2013 SEMOP OS SERVI\u00c7OS DE PAVIMENTA\u00c7\u00c3O ASF\u00c1LTICA OU EM BLOCOS, SERVI\u00c7OS DE TERRAPLANAGEM, DRENAGEM, E OBRAS COMPLEMENTARES POR TODO O PER\u00cdMETRO DA ALAMEDA 02,  BAIRRO NOVA UNI\u00c3O.","indexacao":"","observacao":"","resultado":"","texto_original":"http://sapl.santana.ap.leg.br/media/sapl/public/materialegislativa/2025/9166/pavimentacao_av._al._02.doc","data_ultima_atualizacao":"2025-06-03T12:07:41.695457-03:00","ip":"","ultima_edicao":null,"tipo":6,"regime_tramitacao":3,"tipo_origem_externa":null,"local_origem_externa":null,"user":null,"anexadas":[],"autores":[60]}