{"id":9152,"__str__":"REQUERIMENTO n\u00ba 688 de 2025","link_detail_backend":"/materia/9152","metadata":{},"numero":688,"ano":2025,"numero_protocolo":970,"data_apresentacao":"2025-05-26","tipo_apresentacao":"","data_publicacao":null,"numero_origem_externa":"","ano_origem_externa":null,"data_origem_externa":null,"apelido":"","dias_prazo":null,"data_fim_prazo":null,"em_tramitacao":true,"polemica":false,"objeto":"","complementar":false,"ementa":"REQUER AO EXCELENT\u00cdSSIMO SENHOR SEBASTI\u00c3O FERREIRA DA ROCHA \u2013 PREFEITO DO MUNIC\u00cdPIO DE SANTANA - PMS E AO SENHOR ANDERSON RICARDO DE ALMEIDA FEIO \u2013 SECRET\u00c1RIO MUNICIPAL DE OBRAS P\u00daBLICAS E SERVI\u00c7OS URBANOS \u2013 SEMOP. INFORMA\u00c7\u00d5ES PERTINENTES SOBRE A OBRA DA FEIRA MUNICIPAL DE HORTIFR\u00daTIS E VERDURAS DA RUA CLAUDIO LUCIO MONTEIRO, BEM COMO A POSSIVEL DATA DE CONCLUS\u00c3O E ENTREGA.","indexacao":"","observacao":"","resultado":"","texto_original":"http://sapl.santana.ap.leg.br/media/sapl/public/materialegislativa/2025/9152/feira_dos_hortifrutis_de_santana.docx","data_ultima_atualizacao":"2025-05-28T14:54:28.727097-03:00","ip":"","ultima_edicao":null,"tipo":6,"regime_tramitacao":3,"tipo_origem_externa":null,"local_origem_externa":null,"user":null,"anexadas":[],"autores":[58]}