{"id":9121,"__str__":"PARECER DE COMISS\u00d5ES n\u00ba 27 de 2025","link_detail_backend":"/materia/9121","metadata":{},"numero":27,"ano":2025,"numero_protocolo":939,"data_apresentacao":"2025-05-22","tipo_apresentacao":"","data_publicacao":null,"numero_origem_externa":"","ano_origem_externa":null,"data_origem_externa":null,"apelido":"","dias_prazo":null,"data_fim_prazo":null,"em_tramitacao":true,"polemica":false,"objeto":"","complementar":false,"ementa":"DA COMISS\u00c3O DE CONSTITUI\u00c7\u00c3O E JUSTI\u00c7A E REDA\u00c7\u00c3O, EM DECIS\u00c3O TERMINATIVA O PROJETO DE LEI N\u00ba 20/2025 - CMS, INSTITUIR O DIA MUNICIPAL DO L\u00cdDER COMUNIT\u00c1RIO NA FORMA QUE ESPECIFICA E D\u00c1 OUTRAS PROVID\u00caNCIAS. A QUAL ESTA COMISS\u00c3O OPINA PELA SUA APROVA\u00c7\u00c3O.","indexacao":"","observacao":"","resultado":"","texto_original":"http://sapl.santana.ap.leg.br/media/sapl/public/materialegislativa/2025/9121/parecer_do_projeto_de_lei_n_020.2025.pdf","data_ultima_atualizacao":"2025-05-22T10:45:55.820100-03:00","ip":"186.216.178.181","ultima_edicao":"2025-05-22T10:10:19.789833-03:00","tipo":15,"regime_tramitacao":3,"tipo_origem_externa":null,"local_origem_externa":null,"user":33,"anexadas":[],"autores":[46]}