{"id":9118,"__str__":"REQUERIMENTO n\u00ba 662 de 2025","link_detail_backend":"/materia/9118","metadata":{},"numero":662,"ano":2025,"numero_protocolo":936,"data_apresentacao":"2025-05-22","tipo_apresentacao":"","data_publicacao":null,"numero_origem_externa":"","ano_origem_externa":null,"data_origem_externa":null,"apelido":"","dias_prazo":null,"data_fim_prazo":null,"em_tramitacao":true,"polemica":false,"objeto":"","complementar":false,"ementa":"REQUER AO EXCELENT\u00cdSSIMO SENHOR SEBASTI\u00c3O FERREIRA DA ROCHA \u2013 PREFEITO DO MUNIC\u00cdPIO DE SANTANA - PMS E PARA AO SENHOR PLINIO SILVA DA LUZ, SECRET\u00c1RIO MUNICIPAL DE SA\u00daDE \u2013 SEMSA. QUE SEJA FEITO A AMPLIA\u00c7\u00c3O DOS PROFISSIONAIS NA AREA FARMAC\u00caUTICA, TECNICA EM ENFERMAGEM, E PEDIATRIA NA UBS ANAUERAPUCU EM SANTANA.","indexacao":"","observacao":"","resultado":"","texto_original":"http://sapl.santana.ap.leg.br/media/sapl/public/materialegislativa/2025/9118/a_ampliacao_dos_profissionais_na_area_farmaceutica_tecnica_em_enfermagem_e_pediatria_na_ubs_anauerapucu.docx","data_ultima_atualizacao":"2025-05-27T11:21:26.840839-03:00","ip":"","ultima_edicao":null,"tipo":6,"regime_tramitacao":3,"tipo_origem_externa":null,"local_origem_externa":null,"user":null,"anexadas":[],"autores":[58]}