{"id":9106,"__str__":"REQUERIMENTO n\u00ba 655 de 2025","link_detail_backend":"/materia/9106","metadata":{},"numero":655,"ano":2025,"numero_protocolo":924,"data_apresentacao":"2025-05-21","tipo_apresentacao":"","data_publicacao":null,"numero_origem_externa":"","ano_origem_externa":null,"data_origem_externa":null,"apelido":"","dias_prazo":null,"data_fim_prazo":null,"em_tramitacao":true,"polemica":false,"objeto":"","complementar":false,"ementa":"AO EXCELENT\u00cdSSIMO SENHOR SEBASTI\u00c3O FERREIRA DA ROCHA, PREFEITO MUNICIPAL DE SANTANA, COM COPIA AO PLINIO SILVA DA LUZ, SECRETARIO MUNICIPAL DE SA\u00daDE- SEMSA, SOLICITAR PROFISSIONAIS DE MASSOTERAPIA PARA O CENTRO DE REABILITA\u00c7\u00c3O M\u00c1RIO \r\nTAVARES.","indexacao":"","observacao":"","resultado":"","texto_original":"http://sapl.santana.ap.leg.br/media/sapl/public/materialegislativa/2025/9106/requerimento_-__solicitar_profissionais_profissionais.pdf","data_ultima_atualizacao":"2025-05-27T11:21:25.784879-03:00","ip":"","ultima_edicao":null,"tipo":6,"regime_tramitacao":3,"tipo_origem_externa":null,"local_origem_externa":null,"user":null,"anexadas":[],"autores":[57]}