{"id":9104,"__str__":"INDICA\u00c7\u00c3O n\u00ba 133 de 2025","link_detail_backend":"/materia/9104","metadata":{},"numero":133,"ano":2025,"numero_protocolo":922,"data_apresentacao":"2025-05-21","tipo_apresentacao":"","data_publicacao":null,"numero_origem_externa":"","ano_origem_externa":null,"data_origem_externa":null,"apelido":"","dias_prazo":null,"data_fim_prazo":null,"em_tramitacao":true,"polemica":false,"objeto":"","complementar":false,"ementa":"AO EXCELENTISS\u00cdMO SENHOR GOVERNADOR DO ESTADO DO AMAP\u00c1 CL\u00c9CIO LU\u00cdS, E A SENHORA NAIR MOTA DIAS, SECRETARIA DE ESTADO DE SA\u00daDE (SESA). SOCILITA EM CARATER EMERG\u00caNCIAL, CONTRATA\u00c7\u00c3O TEMPOR\u00c1RIA DE PROFISSIONAIS, INCLUINDO ENFERMEIROS, T\u00c9CNICOS DE ENFERMAGEM E M\u00c9DICOS PARA ATENDER A DEMANDA CRESCENTE DEVIDO AO SURTO DE S\u00cdNDROME RESPIRAT\u00d3RIA AGUDA GRAVE (SRAG) NO HOSPITAL ESTADUAL.\r\nDE SANTANA","indexacao":"","observacao":"","resultado":"","texto_original":"http://sapl.santana.ap.leg.br/media/sapl/public/materialegislativa/2025/9104/indicacao_-__governador_socilita_em_carater_emergencial_cont._temporaria_de_profissionais.pdf","data_ultima_atualizacao":"2025-05-22T10:49:53.012831-03:00","ip":"","ultima_edicao":null,"tipo":3,"regime_tramitacao":3,"tipo_origem_externa":null,"local_origem_externa":null,"user":null,"anexadas":[],"autores":[57]}