{"id":9095,"__str__":"REQUERIMENTO n\u00ba 647 de 2025","link_detail_backend":"/materia/9095","metadata":{},"numero":647,"ano":2025,"numero_protocolo":913,"data_apresentacao":"2025-05-21","tipo_apresentacao":"","data_publicacao":null,"numero_origem_externa":"","ano_origem_externa":null,"data_origem_externa":null,"apelido":"","dias_prazo":null,"data_fim_prazo":null,"em_tramitacao":true,"polemica":false,"objeto":"","complementar":false,"ementa":"SOLICITA DO EXECUTIVO MUNICIPAL A ILUMINA\u00c7\u00c3O DO BAIRRO PI\u00c7ARREIRA, NA \u00c1REA DENOMINADA AREI\u00c3O.","indexacao":"","observacao":"","resultado":"","texto_original":"http://sapl.santana.ap.leg.br/media/sapl/public/materialegislativa/2025/9095/requerimento__iluminacao_picarreira.doc","data_ultima_atualizacao":"2025-05-27T11:21:24.470751-03:00","ip":"","ultima_edicao":null,"tipo":6,"regime_tramitacao":3,"tipo_origem_externa":null,"local_origem_externa":null,"user":null,"anexadas":[],"autores":[12]}