{"id":9089,"__str__":"INDICA\u00c7\u00c3O n\u00ba 130 de 2025","link_detail_backend":"/materia/9089","metadata":{},"numero":130,"ano":2025,"numero_protocolo":907,"data_apresentacao":"2025-05-21","tipo_apresentacao":"","data_publicacao":null,"numero_origem_externa":"","ano_origem_externa":null,"data_origem_externa":null,"apelido":"","dias_prazo":null,"data_fim_prazo":null,"em_tramitacao":true,"polemica":false,"objeto":"","complementar":false,"ementa":"INDICA AO EXCELENT\u00cdSSIMO SENHOR DIRETOR-PRESIDENTE DA AG\u00caNCIA DE FOMENTO DO AMAP\u00c1, EDUARDO BRAZ BARROS FERREIRA J\u00daNIOR, SOLICITANDO O MAPEAMENTO DE EMPREENDEDORES FORMAIS E INFORMAIS E DAS MICRO, PEQUENAS E M\u00c9DIAS EMPRESAS DO MUNIC\u00cdPIO DE SANTANA, BEM COMO ESTABELE\u00c7A UM RELACIONAMENTO MAIS PR\u00d3XIMO COM O EMPRESARIADO SANTANENSE.","indexacao":"","observacao":"","resultado":"","texto_original":"http://sapl.santana.ap.leg.br/media/sapl/public/materialegislativa/2025/9089/fomento.doc","data_ultima_atualizacao":"2025-05-22T10:49:52.388263-03:00","ip":"","ultima_edicao":null,"tipo":3,"regime_tramitacao":3,"tipo_origem_externa":null,"local_origem_externa":null,"user":null,"anexadas":[],"autores":[43]}