{"id":9085,"__str__":"REQUERIMENTO n\u00ba 640 de 2025","link_detail_backend":"/materia/9085","metadata":{},"numero":640,"ano":2025,"numero_protocolo":903,"data_apresentacao":"2025-05-21","tipo_apresentacao":"","data_publicacao":null,"numero_origem_externa":"","ano_origem_externa":null,"data_origem_externa":null,"apelido":"","dias_prazo":null,"data_fim_prazo":null,"em_tramitacao":true,"polemica":false,"objeto":"","complementar":false,"ementa":"REQUER AO PREFEITO MUNICIPAL DE SANTANA, COM C\u00d3PIA A SECRETARIA MUNICIPAL DE DESENVOLVIMENTO ECON\u00d4MICO DE ECONOMIA SOLID\u00c1RIA OS SERVI\u00c7O DE MELHORIAS DE INFRAESTRUTURA, SANEAMENTO B\u00c1SICO E REORGANIZA\u00c7\u00c3O DOS FEIRANTES QUE EST\u00c3O LOCALIZADOS NA AVENIDA SANTANA,  VIA PRINCIPAL DO MUNIC\u00cdPIO.","indexacao":"","observacao":"","resultado":"","texto_original":"http://sapl.santana.ap.leg.br/media/sapl/public/materialegislativa/2025/9085/requerimento_feira.doc","data_ultima_atualizacao":"2025-05-27T11:21:23.389809-03:00","ip":"","ultima_edicao":null,"tipo":6,"regime_tramitacao":3,"tipo_origem_externa":null,"local_origem_externa":null,"user":null,"anexadas":[],"autores":[57,14,59,56,60]}