{"id":9081,"__str__":"REQUERIMENTO n\u00ba 638 de 2025","link_detail_backend":"/materia/9081","metadata":{},"numero":638,"ano":2025,"numero_protocolo":899,"data_apresentacao":"2025-05-20","tipo_apresentacao":"","data_publicacao":null,"numero_origem_externa":"","ano_origem_externa":null,"data_origem_externa":null,"apelido":"","dias_prazo":null,"data_fim_prazo":null,"em_tramitacao":true,"polemica":false,"objeto":"","complementar":false,"ementa":"SOLICITO A INSTALA\u00c7\u00c3O DE ILUMINA\u00c7\u00c3O P\u00daBLICA NA AVENIDA SANTANA, NO TRECHO COMPREENDIDO ENTRE A RUA COSTA E SILVA E RUA JOS\u00c9 BRUNO DE OLIVEIRA GOMES.","indexacao":"","observacao":"","resultado":"","texto_original":"http://sapl.santana.ap.leg.br/media/sapl/public/materialegislativa/2025/9081/requerimento_no_iluminacao_av_santana.doc","data_ultima_atualizacao":"2025-05-22T10:56:48.464831-03:00","ip":"","ultima_edicao":null,"tipo":6,"regime_tramitacao":3,"tipo_origem_externa":null,"local_origem_externa":null,"user":null,"anexadas":[],"autores":[59]}