{"id":9079,"__str__":"INDICA\u00c7\u00c3O n\u00ba 126 de 2025","link_detail_backend":"/materia/9079","metadata":{},"numero":126,"ano":2025,"numero_protocolo":897,"data_apresentacao":"2025-05-20","tipo_apresentacao":"","data_publicacao":null,"numero_origem_externa":"","ano_origem_externa":null,"data_origem_externa":null,"apelido":"","dias_prazo":null,"data_fim_prazo":null,"em_tramitacao":true,"polemica":false,"objeto":"","complementar":false,"ementa":"INDICA AO EXCELENT\u00cdSSIMO SENHOR GOVERNADOR DO ESTADO DO AMAP\u00c1, CL\u00c9CIO LU\u00cdS VILHENA VIEIRA, SOLICITANDO A ELABORA\u00c7\u00c3O DE PROJETOS EM PARCERIA COM A PREFEITURA DE SANTANA VISANDO \u00c0 SUBSTITUI\u00c7\u00c3O DE PONTES DE MADEIRA POR PONTES DE CONCRETO NOS BAIRROS DE SANTANA, QUE CONTAM COM ESSAS ESTRUTURAS PARA A LOCOMO\u00c7\u00c3O DOS SEUS MORADORES.","indexacao":"","observacao":"","resultado":"","texto_original":"http://sapl.santana.ap.leg.br/media/sapl/public/materialegislativa/2025/9079/pontes_de_concreto.doc","data_ultima_atualizacao":"2025-05-20T12:46:11.055629-03:00","ip":"","ultima_edicao":null,"tipo":3,"regime_tramitacao":3,"tipo_origem_externa":null,"local_origem_externa":null,"user":null,"anexadas":[],"autores":[43]}