{"id":9056,"__str__":"REQUERIMENTO n\u00ba 618 de 2025","link_detail_backend":"/materia/9056","metadata":{},"numero":618,"ano":2025,"numero_protocolo":874,"data_apresentacao":"2025-05-19","tipo_apresentacao":"","data_publicacao":null,"numero_origem_externa":"","ano_origem_externa":null,"data_origem_externa":null,"apelido":"","dias_prazo":null,"data_fim_prazo":null,"em_tramitacao":true,"polemica":false,"objeto":"","complementar":false,"ementa":"REQUER AO EXCELENT\u00cdSSIMO SENHOR SEBASTI\u00c3O FERREIRA DA ROCHA \u2013 PREFEITO DO MUNIC\u00cdPIO DE SANTANA - PMS E PARA O SR. LUCAS DOS SANTOS NAHUM - SUPERINTENDENTE DE TRANSPORTES E TR\u00c2NSITO DE SANTANA \u2013 STTRANS. QUE SEJA REALIZADO O ESTUDO T\u00c9CNICO E DE VIABILIDADE PARA AMPLIA\u00c7\u00c3O E INSTALA\u00c7\u00c3O DE SEM\u00c1FOROS EM SANTANA, BEM COMO A MANUTEN\u00c7\u00c3O PREVENTIVA E CORRETIVA DOS J\u00c1 EXISTENTES.","indexacao":"","observacao":"","resultado":"","texto_original":"http://sapl.santana.ap.leg.br/media/sapl/public/materialegislativa/2025/9056/semaforos_em_santana.docx","data_ultima_atualizacao":"2025-05-22T10:56:45.389935-03:00","ip":"","ultima_edicao":null,"tipo":6,"regime_tramitacao":3,"tipo_origem_externa":null,"local_origem_externa":null,"user":null,"anexadas":[],"autores":[58]}