{"id":9055,"__str__":"REQUERIMENTO n\u00ba 617 de 2025","link_detail_backend":"/materia/9055","metadata":{},"numero":617,"ano":2025,"numero_protocolo":873,"data_apresentacao":"2025-05-19","tipo_apresentacao":"","data_publicacao":null,"numero_origem_externa":"","ano_origem_externa":null,"data_origem_externa":null,"apelido":"","dias_prazo":null,"data_fim_prazo":null,"em_tramitacao":true,"polemica":false,"objeto":"","complementar":false,"ementa":"REQUER AO EXCELENT\u00cdSSIMO SENHOR SEBASTI\u00c3O FERREIRA DA ROCHA \u2013 PREFEITO DO MUNIC\u00cdPIO DE SANTANA \u2013 PMS, AO SENHOR PLINIO SILVA DA LUZ, SECRETARIO MUNICIPAL DE SA\u00daDE \u2013 SEMSA, E PARA O SENHOR ANDERSON RICARDO DE ALMEIDA FEIO \u2013 SECRET\u00c1RIO MUNICIPAL DE OBRAS P\u00daBLICAS E SERVI\u00c7OS URBANOS \u2013 SEMOP. QUE SEJA REALIZADO A CONSTRU\u00c7\u00c3O DO CENTRO DE ATEN\u00c7\u00c3O AOS PACIENTES ONCOL\u00d3GICOS, NO MUNICIPIO DE SANTANA.","indexacao":"","observacao":"","resultado":"","texto_original":"http://sapl.santana.ap.leg.br/media/sapl/public/materialegislativa/2025/9055/construcao_do_centro_de_atencao_aos_pacientes_oncologicos.docx","data_ultima_atualizacao":"2025-05-22T10:56:45.284052-03:00","ip":"","ultima_edicao":null,"tipo":6,"regime_tramitacao":3,"tipo_origem_externa":null,"local_origem_externa":null,"user":null,"anexadas":[],"autores":[58]}