{"id":9044,"__str__":"REQUERIMENTO n\u00ba 606 de 2025","link_detail_backend":"/materia/9044","metadata":{},"numero":606,"ano":2025,"numero_protocolo":862,"data_apresentacao":"2025-05-19","tipo_apresentacao":"","data_publicacao":null,"numero_origem_externa":"","ano_origem_externa":null,"data_origem_externa":null,"apelido":"","dias_prazo":null,"data_fim_prazo":null,"em_tramitacao":true,"polemica":false,"objeto":"","complementar":false,"ementa":"REQUER QUE SEJAM TOMADAS MEDIDAS PARA REALIZAR A PAVIMENTA\u00c7\u00c3O DA AVENIDA DAS NA\u00c7\u00d5ES, NO TRECHO ENTRE AS RUAS EM\u00cdLIO GARRASTAZU M\u00c9DICI E A OSVALDO CRUZ, NO BAIRRO PARA\u00cdSO \u2013 SANTANA/AP. ESTE REQUERIMENTO \u00c9 UMA CONTINUA\u00c7\u00c3O DO REQUERIMENTO N\u00ba 503/2024 PREVIAMENTE ENCAMINHADO.","indexacao":"","observacao":"","resultado":"","texto_original":"http://sapl.santana.ap.leg.br/media/sapl/public/materialegislativa/2025/9044/requerimento_de_pavimentacao_paraiso._reinteracao.docx","data_ultima_atualizacao":"2025-05-22T10:56:43.543223-03:00","ip":"","ultima_edicao":null,"tipo":6,"regime_tramitacao":3,"tipo_origem_externa":null,"local_origem_externa":null,"user":null,"anexadas":[],"autores":[16]}