{"id":9028,"__str__":"REQUERIMENTO n\u00ba 598 de 2025","link_detail_backend":"/materia/9028","metadata":{},"numero":598,"ano":2025,"numero_protocolo":846,"data_apresentacao":"2025-05-13","tipo_apresentacao":"","data_publicacao":null,"numero_origem_externa":"","ano_origem_externa":null,"data_origem_externa":null,"apelido":"","dias_prazo":null,"data_fim_prazo":null,"em_tramitacao":true,"polemica":false,"objeto":"","complementar":false,"ementa":"REQUER AO EXCELENTISSIMO SENHOR PREFEITO MUNICIPAL DE SANTANA \u2013 SEBASTI\u00c3O FERREIRA ROCHA COM C\u00d3PIA AO SENHOR AMARILSON GUILHERME DO AMARAL SECRET\u00c1RIO DE EDUCA\u00c7\u00c3O MUNICIPAL DE SANTANA \u2014 SEME. A INSTALA\u00c7\u00c3O DE UMA BOMBA DE \u00c1GUA PARA A ESCOLA MUNICIPAL BENEDITO CARDOSO DOS SANTOS.","indexacao":"","observacao":"","resultado":"","texto_original":"http://sapl.santana.ap.leg.br/media/sapl/public/materialegislativa/2025/9028/requerimento_para_o_secretario_de_educacao_elma_garcia.doc","data_ultima_atualizacao":"2025-05-20T13:01:57.126203-03:00","ip":"186.216.178.181","ultima_edicao":"2025-05-13T08:00:53.124625-03:00","tipo":6,"regime_tramitacao":3,"tipo_origem_externa":null,"local_origem_externa":null,"user":33,"anexadas":[],"autores":[36]}