{"id":9027,"__str__":"REQUERIMENTO n\u00ba 597 de 2025","link_detail_backend":"/materia/9027","metadata":{},"numero":597,"ano":2025,"numero_protocolo":845,"data_apresentacao":"2025-05-12","tipo_apresentacao":"","data_publicacao":null,"numero_origem_externa":"","ano_origem_externa":null,"data_origem_externa":null,"apelido":"","dias_prazo":null,"data_fim_prazo":null,"em_tramitacao":true,"polemica":false,"objeto":"","complementar":false,"ementa":"REQUER \u00c0 MESA DIRETORA, COM ENVIO DE C\u00d3PIAS AO EXCELENT\u00cdSSIMO SENHOR SEBASTI\u00c3O FERREIRA DA ROCHA, PREFEITO MUNICIPAL DE SANTANA, E AO EXCELENT\u00cdSSIMO SENHOR LUCAS DOS SANTOS NAHUM, SUPERINTENDENTE DE TRANSPORTE E TR\u00c2NSITO DE SANTANA \u2013 STTRANS, QUE SEJA REALIZADO ESTUDO T\u00c9CNICO PARA A POSS\u00cdVEL IMPLANTA\u00c7\u00c3O DE UM SEM\u00c1FORO NO CRUZAMENTO DA RUA EVERALDO VASCONCELOS COM A AVENIDA SETE DE SETEMBRO, NO BAIRRO FONTE NOVA.","indexacao":"","observacao":"","resultado":"","texto_original":"http://sapl.santana.ap.leg.br/media/sapl/public/materialegislativa/2025/9027/semafaro_everaldo_com_sete.docx","data_ultima_atualizacao":"2025-05-20T13:01:56.915716-03:00","ip":"","ultima_edicao":null,"tipo":6,"regime_tramitacao":3,"tipo_origem_externa":null,"local_origem_externa":null,"user":null,"anexadas":[],"autores":[16]}