{"id":9024,"__str__":"REQUERIMENTO n\u00ba 594 de 2025","link_detail_backend":"/materia/9024","metadata":{"signs":{"texto_original":{"admin":[],"autores":[["Bruno Alves Brandao",["2025-05-12T12:41:35-03:00","Gov-Br"]]]}}},"numero":594,"ano":2025,"numero_protocolo":842,"data_apresentacao":"2025-05-12","tipo_apresentacao":"","data_publicacao":null,"numero_origem_externa":"","ano_origem_externa":null,"data_origem_externa":null,"apelido":"","dias_prazo":null,"data_fim_prazo":null,"em_tramitacao":true,"polemica":false,"objeto":"","complementar":false,"ementa":"AO EXCELENT\u00cdSSIMO SENHOR SEBASTI\u00c3O FERREIRA DA ROCHA, PREFEITO MUNICIPAL DE SANTANA, COM COPIA AO SENHOR PLINIO SILVA DA LUZ, SECRETARIO MUNICIPAL DE SA\u00daDE - SEMSA, SOLICITA UM CARRO PARA SUPRIR AS DEMANDAS DA SECRETARIA DE VIGIL\u00c2NCIA SANIT\u00c1RIA.","indexacao":"","observacao":"","resultado":"","texto_original":"http://sapl.santana.ap.leg.br/media/sapl/public/materialegislativa/2025/9024/requerimento_-_carro_assinado.pdf","data_ultima_atualizacao":"2025-05-20T13:01:56.290926-03:00","ip":"","ultima_edicao":null,"tipo":6,"regime_tramitacao":3,"tipo_origem_externa":null,"local_origem_externa":null,"user":null,"anexadas":[],"autores":[57]}