{"id":9010,"__str__":"REQUERIMENTO n\u00ba 581 de 2025","link_detail_backend":"/materia/9010","metadata":{},"numero":581,"ano":2025,"numero_protocolo":828,"data_apresentacao":"2025-05-12","tipo_apresentacao":"","data_publicacao":null,"numero_origem_externa":"","ano_origem_externa":null,"data_origem_externa":null,"apelido":"","dias_prazo":null,"data_fim_prazo":null,"em_tramitacao":true,"polemica":false,"objeto":"","complementar":false,"ementa":"PREFEITO MUNICIPAL DE SANTANA-PMS, E PARA O SENHOR ANDERSON RICARDO ALMEIDA FEIO- SECRET\u00c1RIO MUNICIPAL DE OBRAS P\u00daBLICAS E SERVI\u00c7OS URBANOS, NO SENTIDO DE SOLICITAR ILUMINA\u00c7\u00c3O PUBLICA NA AVENIDA CASTRO ALVES ENTRE AS RUAS EVERALDO VASCONCELOS AT\u00c9 A L 09 NO BAIRRO FONTE NOVA.","indexacao":"","observacao":"","resultado":"","texto_original":"http://sapl.santana.ap.leg.br/media/sapl/public/materialegislativa/2025/9010/req._31_semop_iluminacao_publica_na_avenida_castro_alves_entre_as_ruas_everaldo_vasconcelos_ate_a_l09_no_bairro_fonte_nova.docx","data_ultima_atualizacao":"2025-05-20T13:01:53.938868-03:00","ip":"","ultima_edicao":null,"tipo":6,"regime_tramitacao":3,"tipo_origem_externa":null,"local_origem_externa":null,"user":null,"anexadas":[],"autores":[2]}