{"id":8997,"__str__":"INDICA\u00c7\u00c3O n\u00ba 118 de 2025","link_detail_backend":"/materia/8997","metadata":{},"numero":118,"ano":2025,"numero_protocolo":815,"data_apresentacao":"2025-05-12","tipo_apresentacao":"","data_publicacao":null,"numero_origem_externa":"","ano_origem_externa":null,"data_origem_externa":null,"apelido":"","dias_prazo":null,"data_fim_prazo":null,"em_tramitacao":true,"polemica":false,"objeto":"","complementar":false,"ementa":"INDICA AO EXCELENT\u00cdSSIMO SENHOR PRESIDENTE DO CONSELHO DELIBERATIVO DO SEBRAE NO AMAP\u00c1, JOSIEL ALCOLUMBRE, SOLICITANDO QUE ESTUDE A POSSIBILIDADE DE VOLTAR A REALIZAR A FEIRA DE NEG\u00d3CIOS DE SANTANA.","indexacao":"","observacao":"","resultado":"","texto_original":"http://sapl.santana.ap.leg.br/media/sapl/public/materialegislativa/2025/8997/sebrae.doc","data_ultima_atualizacao":"2025-05-13T11:44:28.602510-03:00","ip":"","ultima_edicao":null,"tipo":3,"regime_tramitacao":3,"tipo_origem_externa":null,"local_origem_externa":null,"user":null,"anexadas":[],"autores":[43]}