{"id":8989,"__str__":"REQUERIMENTO n\u00ba 564 de 2025","link_detail_backend":"/materia/8989","metadata":{"signs":{"texto_original":{"admin":[],"autores":[["Bruno Alves Brandao",["2025-05-08T23:23:16-03:00","Gov-Br"]]]}}},"numero":564,"ano":2025,"numero_protocolo":807,"data_apresentacao":"2025-05-12","tipo_apresentacao":"","data_publicacao":null,"numero_origem_externa":"","ano_origem_externa":null,"data_origem_externa":null,"apelido":"","dias_prazo":null,"data_fim_prazo":null,"em_tramitacao":true,"polemica":false,"objeto":"","complementar":false,"ementa":"AO EXCELENT\u00cdSSIMO SEBASTI\u00c3O FERREIRA DA ROCHA, PREFEITO MUNICIPAL DE SANTANA, COM COPIA AO SENHOR PLINIO SILVA DA LUZ, SECRETARIO MUNICIPAL DE SA\u00daDE \u2013 SEMSA, SOLICITAR 03(TR\u00caS) CENTRAIS DE AR CONDICIONADO, 01(UM) VENTILADOR E UM TELEFONE FIXO PARA A UNIDADE DA VIGIL\u00c2NCIA SANIT\u00c1RIA DE SA\u00daDE.","indexacao":"","observacao":"","resultado":"","texto_original":"http://sapl.santana.ap.leg.br/media/sapl/public/materialegislativa/2025/8989/requerimento_-_solicitar_0329_centrais_de_ar_condicionado_assinado.pdf","data_ultima_atualizacao":"2025-05-20T13:01:50.226218-03:00","ip":"","ultima_edicao":null,"tipo":6,"regime_tramitacao":3,"tipo_origem_externa":null,"local_origem_externa":null,"user":null,"anexadas":[],"autores":[57]}