{"id":8970,"__str__":"REQUERIMENTO n\u00ba 551 de 2025","link_detail_backend":"/materia/8970","metadata":{},"numero":551,"ano":2025,"numero_protocolo":788,"data_apresentacao":"2025-05-07","tipo_apresentacao":"","data_publicacao":null,"numero_origem_externa":"","ano_origem_externa":null,"data_origem_externa":null,"apelido":"","dias_prazo":null,"data_fim_prazo":null,"em_tramitacao":true,"polemica":false,"objeto":"","complementar":false,"ementa":"REQUER AO EXCELENT\u00cdSSIMO SENHOR SEBASTI\u00c3O FERREIRA DA ROCHA \u2013 PREFEITO DO MUNIC\u00cdPIO DE SANTANA \u2013 PMS, PARA O SENHOR PLINIO SILVA DA LUZ, SECRETARIO MUNICIPAL DE SA\u00daDE \u2013 SEMSA, E AO SENHOR ANDERSON RICARDO DE ALMEIDA FEIO \u2013 SECRET\u00c1RIO MUNICIPAL DE OBRAS P\u00daBLICAS E SERVI\u00c7OS URBANOS \u2013 SEMOP. QUE SEJAM CONSTRUIDAS SALAS DE ESTIMULA\u00c7\u00c3O PRECOCE NO CENTRO DE REABILITA\u00c7\u00c3O MARIO DIAS TAVARES, PARA ATENDER AS CRIAN\u00c7AS COM DEFICI\u00caNCIAS NO MUNICIPIO DE SANTANA.","indexacao":"","observacao":"","resultado":"","texto_original":"http://sapl.santana.ap.leg.br/media/sapl/public/materialegislativa/2025/8970/salas_de_estimulacao_precoce.docx","data_ultima_atualizacao":"2025-05-13T11:52:17.539126-03:00","ip":"","ultima_edicao":null,"tipo":6,"regime_tramitacao":3,"tipo_origem_externa":null,"local_origem_externa":null,"user":null,"anexadas":[],"autores":[58]}