{"id":8959,"__str__":"REQUERIMENTO n\u00ba 543 de 2025","link_detail_backend":"/materia/8959","metadata":{},"numero":543,"ano":2025,"numero_protocolo":777,"data_apresentacao":"2025-05-07","tipo_apresentacao":"","data_publicacao":null,"numero_origem_externa":"","ano_origem_externa":null,"data_origem_externa":null,"apelido":"","dias_prazo":null,"data_fim_prazo":null,"em_tramitacao":true,"polemica":false,"objeto":"","complementar":false,"ementa":"REQUER AO PREFEITO MUNICIPAL DE SANTANA, COM C\u00d3PIA AO SUPERINTENDENTE DE TRANSPORTE E TR\u00c2NSITO-STTRANS OS SERVI\u00c7OS DE REPARO E MANUTEN\u00c7\u00c3O DE SEM\u00c1FOROS INOPERANTES  NO MUNIC\u00cdPIO DE SANTANA.","indexacao":"","observacao":"","resultado":"","texto_original":"http://sapl.santana.ap.leg.br/media/sapl/public/materialegislativa/2025/8959/requerimento_semafaros_parados.doc","data_ultima_atualizacao":"2025-05-13T11:52:16.300897-03:00","ip":"","ultima_edicao":null,"tipo":6,"regime_tramitacao":3,"tipo_origem_externa":null,"local_origem_externa":null,"user":null,"anexadas":[],"autores":[60]}