{"id":8100,"__str__":"PARECER DE COMISS\u00d5ES n\u00ba 110 de 2024","link_detail_backend":"/materia/8100","metadata":{},"numero":110,"ano":2024,"numero_protocolo":1296,"data_apresentacao":"2024-12-05","tipo_apresentacao":"","data_publicacao":null,"numero_origem_externa":"02","ano_origem_externa":2024,"data_origem_externa":null,"apelido":"","dias_prazo":null,"data_fim_prazo":null,"em_tramitacao":false,"polemica":false,"objeto":"","complementar":false,"ementa":"DA COMISS\u00c3O DE CONSTITUI\u00c7\u00c3O JUSTI\u00c7A E REDA\u00c7\u00c3O, EM DECIS\u00c3O TERMINATIVA, AO PROJETO DE RESOLU\u00c7\u00c3O N\u00ba 02/2024 \u2013 CMS, QUE DECLARA A PERDA DE MANDATO DE ELMA GARCIA GOMES NASCIMENTO, REFERENTE A LEGISLATURA 2020-2024, A QUAL ESTA COMISS\u00c3O OPINA PELA SUA APROVA\u00c7\u00c3O.","indexacao":"","observacao":"","resultado":"","texto_original":"http://sapl.santana.ap.leg.br/media/sapl/public/materialegislativa/2024/8100/parecer_do_projeto_de_lei_n02.2024.pdf","data_ultima_atualizacao":"2025-04-24T09:53:41.897272-03:00","ip":"186.216.177.206","ultima_edicao":"2025-04-16T15:12:26.029565-03:00","tipo":15,"regime_tramitacao":3,"tipo_origem_externa":10,"local_origem_externa":null,"user":31,"anexadas":[],"autores":[46]}