{"id":7908,"__str__":"REQUERIMENTO n\u00ba 721 de 2024","link_detail_backend":"/materia/7908","metadata":{},"numero":721,"ano":2024,"numero_protocolo":1101,"data_apresentacao":"2024-10-24","tipo_apresentacao":"","data_publicacao":null,"numero_origem_externa":"","ano_origem_externa":null,"data_origem_externa":null,"apelido":"","dias_prazo":null,"data_fim_prazo":null,"em_tramitacao":false,"polemica":false,"objeto":"","complementar":false,"ementa":"REQUERER AO PREFEITO MUNICIPAL DE SANTANA COM C\u00d3PIAS A SECRETARIA MUNICIPAL DE SA\u00daDE \u2013 SEMSA / SECRET\u00c1RIO SR. PL\u00cdNIO SILVA DA LUZ, SOLICITANDO QUE SEJA CRIADO E DESENVOLVIDO UM PROGRAMA DE ACOMPANHAMENTO DE SA\u00daDE PREVENTIVA, NAS ACADEMIAS AO AR LIVRE NAS PRA\u00c7AS, COM UMA EQUIPE MULTIDISCIPLINAR QUE ATUEM NAS \u00c1REAS DE EDUCA\u00c7\u00c3O F\u00cdSICA, COM DISPONIBILIZA\u00c7\u00c3O DE NUTRICIONISTA E DE EQUIPE DE ENFERMAGEM, DENOMINADO \u00a8SA\u00daDE NAS PRA\u00c7AS\u00a8, NESTE MUNIC\u00cdPIO DE SANTANA.","indexacao":"","observacao":"","resultado":"","texto_original":"http://sapl.santana.ap.leg.br/media/sapl/public/materialegislativa/2024/7908/f-semsa-eq._multidiciplinar_nas_academias_ao_ar_livre.pdf","data_ultima_atualizacao":"2025-02-13T11:31:58.050565-03:00","ip":"","ultima_edicao":null,"tipo":6,"regime_tramitacao":3,"tipo_origem_externa":null,"local_origem_externa":null,"user":null,"anexadas":[],"autores":[34]}