{"id":7877,"__str__":"REQUERIMENTO n\u00ba 698 de 2024","link_detail_backend":"/materia/7877","metadata":{},"numero":698,"ano":2024,"numero_protocolo":1070,"data_apresentacao":"2024-10-21","tipo_apresentacao":"","data_publicacao":null,"numero_origem_externa":"","ano_origem_externa":null,"data_origem_externa":null,"apelido":"","dias_prazo":null,"data_fim_prazo":null,"em_tramitacao":false,"polemica":false,"objeto":"","complementar":false,"ementa":"REQUER OS SERVI\u00c7OS DE MANUTEN\u00c7\u00c3O DA ILUMINA\u00c7\u00c3O P\u00daBLICA (POSTEAMENTO, FIA\u00c7\u00c3O, TROCA DE L\u00c2MPADAS, BRA\u00c7OS E CABE\u00c7AS DE LUMIN\u00c1RIAS) NA AVENIDA DAS NA\u00c7\u00d5ES, ENTRE DAMI\u00c3O DA CRUZ BARRETO E JO\u00c3O LEITE COUTINHO, LOCALIZADO NO BAIRRO FONTE NOVA EM SANTANA-AP.","indexacao":"","observacao":"","resultado":"","texto_original":"http://sapl.santana.ap.leg.br/media/sapl/public/materialegislativa/2024/7877/20-10av_das_nacoes_iluminacao.docx","data_ultima_atualizacao":"2025-02-13T11:31:53.291518-03:00","ip":"","ultima_edicao":null,"tipo":6,"regime_tramitacao":3,"tipo_origem_externa":null,"local_origem_externa":null,"user":null,"anexadas":[],"autores":[16]}