{"id":7856,"__str__":"PROJETO DE LEI ORDIN\u00c1RIA n\u00ba 52 de 2024","link_detail_backend":"/materia/7856","metadata":{},"numero":52,"ano":2024,"numero_protocolo":1049,"data_apresentacao":"2024-10-14","tipo_apresentacao":"","data_publicacao":null,"numero_origem_externa":"","ano_origem_externa":null,"data_origem_externa":null,"apelido":"","dias_prazo":null,"data_fim_prazo":null,"em_tramitacao":true,"polemica":false,"objeto":"","complementar":false,"ementa":"INSTITUI O PROGRAMA JOVEM PROFISSIONAL DE CAPACITA\u00c7\u00c3O PARA JOVENS EM SITUA\u00c7\u00c3O DE VULNERABILIDADE SOCIAL, ESTABELECE PARCERIAS COM ENTIDADES DO SISTEMA S E D\u00c1 OUTRAS PROVID\u00caNCIAS.","indexacao":"","observacao":"PROJETO DE LEI REJEITADO PELA COMISS\u00c3O CCJR","resultado":"","texto_original":"http://sapl.santana.ap.leg.br/media/sapl/public/materialegislativa/2024/7856/projeto_de_lei_jovem_profissional_1.doc","data_ultima_atualizacao":"2024-12-03T10:40:07.580717-03:00","ip":"191.6.126.1","ultima_edicao":"2024-12-03T10:40:07.407167-03:00","tipo":5,"regime_tramitacao":3,"tipo_origem_externa":null,"local_origem_externa":null,"user":31,"anexadas":[],"autores":[43]}