{"id":7850,"__str__":"REQUERIMENTO n\u00ba 684 de 2024","link_detail_backend":"/materia/7850","metadata":{},"numero":684,"ano":2024,"numero_protocolo":1043,"data_apresentacao":"2024-10-14","tipo_apresentacao":"","data_publicacao":null,"numero_origem_externa":"","ano_origem_externa":null,"data_origem_externa":null,"apelido":"","dias_prazo":null,"data_fim_prazo":null,"em_tramitacao":false,"polemica":false,"objeto":"","complementar":false,"ementa":"REQUER AO SENHOR SEBASTI\u00c3O FERREIRA DA ROCHA, PREFEITO MUNICIPAL DE SANTANA - PMS E AO SENHOR ANDERSON RICARDO DE ALMEIDA FEIO, SECRET\u00c1RIO MUNICIPAL DE OBRAS P\u00daBLICAS E SERVI\u00c7OS URBANOS- SEMOP, O SERVI\u00c7O DE LIMPEZA E RETIRADA DE LIXEIRA VICIADA NA RUA WALTER BARBOSA, ENTRE A AV. RIO BRANCO E AV. DAS NA\u00c7\u00d5ES, FONTE NOVA, SANTANA-AP.","indexacao":"","observacao":"","resultado":"","texto_original":"http://sapl.santana.ap.leg.br/media/sapl/public/materialegislativa/2024/7850/lixeira_walter_barbosa_2.docx","data_ultima_atualizacao":"2025-02-13T11:31:50.119710-03:00","ip":"","ultima_edicao":null,"tipo":6,"regime_tramitacao":3,"tipo_origem_externa":null,"local_origem_externa":null,"user":null,"anexadas":[],"autores":[41]}