{"id":7848,"__str__":"REQUERIMENTO n\u00ba 682 de 2024","link_detail_backend":"/materia/7848","metadata":{},"numero":682,"ano":2024,"numero_protocolo":1041,"data_apresentacao":"2024-10-14","tipo_apresentacao":"","data_publicacao":null,"numero_origem_externa":"","ano_origem_externa":null,"data_origem_externa":null,"apelido":"","dias_prazo":null,"data_fim_prazo":null,"em_tramitacao":false,"polemica":false,"objeto":"","complementar":false,"ementa":"REQUER AO SENHOR SEBASTI\u00c3O FERREIRA DA ROCHA, PREFEITO MUNICIPAL DE SANTANA - PMS E AO SENHOR ANDERSON RICARDO DE ALMEIDA FEIO, SECRET\u00c1RIO MUNICIPAL DE OBRAS P\u00daBLICAS E SERVI\u00c7OS URBANOS- SEMOP, O SERVI\u00c7O DE CAPINA E LIMPEZA NA AV. RIO BRANCO, ENTRE A TRAV. PADRE F\u00daLVIO E RUA DAMI\u00c3O DA CRUZ BARRETO, FONTE NOVA, SANTANA-AP.","indexacao":"","observacao":"","resultado":"","texto_original":"http://sapl.santana.ap.leg.br/media/sapl/public/materialegislativa/2024/7848/capina_rio_branco.docx","data_ultima_atualizacao":"2025-02-13T11:31:49.690604-03:00","ip":"","ultima_edicao":null,"tipo":6,"regime_tramitacao":3,"tipo_origem_externa":null,"local_origem_externa":null,"user":null,"anexadas":[],"autores":[41]}