{"id":7845,"__str__":"REQUERIMENTO n\u00ba 680 de 2024","link_detail_backend":"/materia/7845","metadata":{},"numero":680,"ano":2024,"numero_protocolo":1038,"data_apresentacao":"2024-10-09","tipo_apresentacao":"","data_publicacao":null,"numero_origem_externa":"","ano_origem_externa":null,"data_origem_externa":null,"apelido":"","dias_prazo":null,"data_fim_prazo":null,"em_tramitacao":false,"polemica":false,"objeto":"","complementar":false,"ementa":"REQUER AO EXMO. SR. SEBASTI\u00c3O BALA ROCHA, PREFEITO DE SANTANA A IMPLANTA\u00c7\u00c3O DE UMA ESCOLA T\u00c9CNICA PROFISSIONALIZANTE MUNICIPAL NO MUNIC\u00cdPIO DE SANTANA, COM O OBJETIVO DE CAPACITAR JOVENS E ADULTOS EM DIVERSAS \u00c1REAS PROFISSIONAIS, CONTRIBUINDO PARA A FORMA\u00c7\u00c3O DE M\u00c3O DE OBRA QUALIFICADA PARA O MERCADO DE TRABALHO LOCAL E REGIONAL.","indexacao":"","observacao":"","resultado":"","texto_original":"http://sapl.santana.ap.leg.br/media/sapl/public/materialegislativa/2024/7845/requer-implantacao_de_uma_escola_tecnica_profissionalizante_municipal_no_municipio_de_santana.docx","data_ultima_atualizacao":"2025-02-13T11:31:49.229789-03:00","ip":"","ultima_edicao":null,"tipo":6,"regime_tramitacao":3,"tipo_origem_externa":null,"local_origem_externa":null,"user":null,"anexadas":[],"autores":[42]}