{"id":7817,"__str__":"REQUERIMENTO n\u00ba 661 de 2024","link_detail_backend":"/materia/7817","metadata":{},"numero":661,"ano":2024,"numero_protocolo":1010,"data_apresentacao":"2024-09-30","tipo_apresentacao":"","data_publicacao":null,"numero_origem_externa":"","ano_origem_externa":null,"data_origem_externa":null,"apelido":"","dias_prazo":null,"data_fim_prazo":null,"em_tramitacao":false,"polemica":false,"objeto":"","complementar":false,"ementa":"REQUER AO SENHOR SEBASTI\u00c3O FERREIRA DA ROCHA, PREFEITO MUNICIPAL DE SANTANA - PMS E AO SENHOR ANDERSON RICARDO DE ALMEIDA FEIO, A APLICA\u00c7\u00c3O DE FAIXA DE PEDESTRES NO CRUZAMENTO DA AV. DAS NA\u00c7\u00d5ES COM A RUA MANOEL DEODORO DA FONSECA, PARA\u00cdSO, SANTANA-AP.","indexacao":"","observacao":"","resultado":"","texto_original":"http://sapl.santana.ap.leg.br/media/sapl/public/materialegislativa/2024/7817/requerimento-faixa_de_pedestres_av._das_nacoes-deodoro.docx","data_ultima_atualizacao":"2025-02-13T11:31:44.753250-03:00","ip":"","ultima_edicao":null,"tipo":6,"regime_tramitacao":3,"tipo_origem_externa":null,"local_origem_externa":null,"user":null,"anexadas":[],"autores":[41]}