{"id":7137,"__str__":"REQUERIMENTO n\u00ba 213 de 2024","link_detail_backend":"/materia/7137","metadata":{},"numero":213,"ano":2024,"numero_protocolo":327,"data_apresentacao":"2024-04-03","tipo_apresentacao":"E","data_publicacao":null,"numero_origem_externa":"","ano_origem_externa":null,"data_origem_externa":null,"apelido":"","dias_prazo":null,"data_fim_prazo":null,"em_tramitacao":false,"polemica":false,"objeto":"","complementar":false,"ementa":"REQUER AO EXCELENT\u00cdSSIMO SR. SEBASTI\u00c3O FERREIRA DA ROCHA, PREFEITO DO MUNIC\u00cdPIO DE SANTANA  E PARA O SR. ANDERSON RICARDO DE ALMEIDA FEIO, SECRET\u00c1RIO MUNICIPAL DE OBRAS P\u00daBLICAS E SERVI\u00c7OS URBANOS \u2013 SEMOP, SERVI\u00c7OS DE ILUMINA\u00c7\u00c3O P\u00daBLICA NA RUA DEODORO COM AVENIDA SANTANA.","indexacao":"","observacao":"","resultado":"","texto_original":"http://sapl.santana.ap.leg.br/media/sapl/public/materialegislativa/2024/7137/requerimento_presidente_iluminacao.docx","data_ultima_atualizacao":"2025-02-13T11:30:29.960938-03:00","ip":"191.6.98.224","ultima_edicao":"2024-04-03T11:50:43.917273-03:00","tipo":6,"regime_tramitacao":3,"tipo_origem_externa":null,"local_origem_externa":null,"user":33,"anexadas":[],"autores":[14]}