{"id":6757,"__str__":"REQUERIMENTO n\u00ba 1205 de 2023","link_detail_backend":"/materia/6757","metadata":{},"numero":1205,"ano":2023,"numero_protocolo":1726,"data_apresentacao":"2023-12-07","tipo_apresentacao":"","data_publicacao":null,"numero_origem_externa":"","ano_origem_externa":null,"data_origem_externa":null,"apelido":"","dias_prazo":null,"data_fim_prazo":null,"em_tramitacao":true,"polemica":false,"objeto":"","complementar":false,"ementa":"REQUER AO EXCELENT\u00cdSSIMO SR. SEBASTI\u00c3O FERREIRA DA ROCHA \u2013 PREFEITO DO MUNIC\u00cdPIO DE SANTANA - PMS E PARA AO SR. RAIMUNDO IVO GIUSTI \u2013 SUPERINTENDENTE DE TRANSPORTE E TR\u00c2NSITO DE SANTANA \u2013 STTRANS. QUE SEJA FEITA A MUDAN\u00c7A DA PARADA DE \u00d4NIBUS, EM FRENTE \u00c0 POLICL\u00cdNICA ALBERTO LIMA, LOCALIZADA NO BAIRRO DANIEL.","indexacao":"","observacao":"","resultado":"","texto_original":"http://sapl.santana.ap.leg.br/media/sapl/public/materialegislativa/2023/6757/requerimento_da_parada_de_onibus__do__bairro_daniel.pdf","data_ultima_atualizacao":"2023-12-12T12:02:48.929885-03:00","ip":"","ultima_edicao":null,"tipo":6,"regime_tramitacao":3,"tipo_origem_externa":null,"local_origem_externa":null,"user":null,"anexadas":[],"autores":[16]}