{"id":6754,"__str__":"REQUERIMENTO n\u00ba 1202 de 2023","link_detail_backend":"/materia/6754","metadata":{},"numero":1202,"ano":2023,"numero_protocolo":1723,"data_apresentacao":"2023-12-07","tipo_apresentacao":"","data_publicacao":null,"numero_origem_externa":"","ano_origem_externa":null,"data_origem_externa":null,"apelido":"","dias_prazo":null,"data_fim_prazo":null,"em_tramitacao":true,"polemica":false,"objeto":"","complementar":false,"ementa":"REQUER AO EXCELENT\u00cdSSIMO SR. SEBASTI\u00c3O FERREIRA DA ROCHA \u2013 PREFEITO DO MUNIC\u00cdPIO DE SANTANA - PMS E PARA AO SR. ANDERSON RICARDO DE ALMEIDA FEIO \u2013 SECRET\u00c1RIO MUNICIPAL DE OBRAS P\u00daBLICAS E SERVI\u00c7OS URBANOS \u2013 SEMOP. \u00c0 POSSIBILIDADE DE REFORMA E AMPLIA\u00c7\u00c3O DA ESCOLA MUNICIPAL PADRE F\u00daLVIO, LOCALIZADO NA FONTE NOVA.","indexacao":"","observacao":"","resultado":"","texto_original":"http://sapl.santana.ap.leg.br/media/sapl/public/materialegislativa/2023/6754/requerimento_da_reforma_e_ampliacao_da_escola_municipal_padre_fulvio.pdf","data_ultima_atualizacao":"2023-12-12T12:02:48.325227-03:00","ip":"","ultima_edicao":null,"tipo":6,"regime_tramitacao":3,"tipo_origem_externa":null,"local_origem_externa":null,"user":null,"anexadas":[],"autores":[16]}