{"id":6740,"__str__":"REQUERIMENTO n\u00ba 1191 de 2023","link_detail_backend":"/materia/6740","metadata":{},"numero":1191,"ano":2023,"numero_protocolo":1709,"data_apresentacao":"2023-12-06","tipo_apresentacao":"","data_publicacao":null,"numero_origem_externa":"","ano_origem_externa":null,"data_origem_externa":null,"apelido":"","dias_prazo":null,"data_fim_prazo":null,"em_tramitacao":true,"polemica":false,"objeto":"","complementar":false,"ementa":"REQUER AO SENHOR SEBASTI\u00c3O FERREIRA DA ROCHA, PREFEITO DO MUNIC\u00cdPIO DE SANTANA - PMS E AO SENHOR ANDERSON RICARDO DE ALMEIDA FEIO, SECRET\u00c1RIO MUNICIPAL DE OBRAS P\u00daBLICAS E SERVI\u00c7OS URBANOS- SEMOP, O SERVI\u00c7O DE SUBSTITUI\u00c7\u00c3O DE L\u00c2MPADAS QUEIMADAS NA RUA GARRASTAZU M\u00c9DICI, ENTRE A AV. 7 DE SETEMBRO E AV. CASTRO ALVES, PARA\u00cdSO, SANTANA-AP.","indexacao":"","observacao":"","resultado":"","texto_original":"http://sapl.santana.ap.leg.br/media/sapl/public/materialegislativa/2023/6740/requerimento-iluminacao_publica_garrastazu_medici.docx","data_ultima_atualizacao":"2023-12-12T12:02:45.854816-03:00","ip":"","ultima_edicao":null,"tipo":6,"regime_tramitacao":3,"tipo_origem_externa":null,"local_origem_externa":null,"user":null,"anexadas":[],"autores":[41]}