{"id":6725,"__str__":"REQUERIMENTO n\u00ba 1185 de 2023","link_detail_backend":"/materia/6725","metadata":{},"numero":1185,"ano":2023,"numero_protocolo":1695,"data_apresentacao":"2023-12-04","tipo_apresentacao":"","data_publicacao":null,"numero_origem_externa":"","ano_origem_externa":null,"data_origem_externa":null,"apelido":"","dias_prazo":null,"data_fim_prazo":null,"em_tramitacao":true,"polemica":false,"objeto":"","complementar":false,"ementa":"FRANCISCO FREIRES, Vereador pelo Partido PDT, com assento nesta Casa de Leis, nos termos regimentais e depois de ouvido o soberano plen\u00e1rio, com c\u00f3pias da presente proposi\u00e7\u00e3o AO EXCELENT\u00cdSSIMO SENHOR SEBASTI\u00c3O BALA ROCHA - PREFEITO MUNICIPAL DE SANTANA COM ENCAMINHAMENTO A SECRETARIA DE OBRAS P\u00daBLICAS E SERVI\u00c7OS URBANOS \u2013 SEMOP.\r\n\r\nREQUER: A MANUTEN\u00c7\u00c3O DA ILUMINA\u00c7\u00c3O P\u00daBLICA COM L\u00c2MPADAS DE LED EM TODA A EXTENS\u00c3O DA ALAMEDA \u201cA\u201d, ENTRE O RAMAL 19 DE MAIO E A RUA PRESIDENTE TANCREDO NEVES, BAIRRO: NOVA UNI\u00c3O.","indexacao":"","observacao":"","resultado":"","texto_original":"http://sapl.santana.ap.leg.br/media/sapl/public/materialegislativa/2023/6725/req._-__iluminacao_pub.__alameda_a_-_bairro_-_nova_uniao.pdf","data_ultima_atualizacao":"2023-12-07T10:57:28.990170-03:00","ip":"","ultima_edicao":null,"tipo":6,"regime_tramitacao":3,"tipo_origem_externa":null,"local_origem_externa":null,"user":null,"anexadas":[],"autores":[38]}