{"id":6700,"__str__":"REQUERIMENTO n\u00ba 1169 de 2023","link_detail_backend":"/materia/6700","metadata":{},"numero":1169,"ano":2023,"numero_protocolo":1669,"data_apresentacao":"2023-11-28","tipo_apresentacao":"","data_publicacao":null,"numero_origem_externa":"","ano_origem_externa":null,"data_origem_externa":null,"apelido":"","dias_prazo":null,"data_fim_prazo":null,"em_tramitacao":true,"polemica":false,"objeto":"","complementar":false,"ementa":"REQUER A TRANSFORMA\u00c7\u00c3O DA SESS\u00c3O ORDIN\u00c1RIA DO DIA 07 DE DEZEMBRO DE 2023 EM SESS\u00c3O SOLENE, COM A FINALIDADE DE HOMENAGEAR COM MO\u00c7\u00c3O DE APLAUSOS AO ILUSTR\u00cdSSIMO  PROF. DR. IRLON MACIEL FERREIRA, PELOS RELEVANTES SERVI\u00c7OS PRESTADOS AO MUNIC\u00cdPIO DE SANTANA, EM ESPECIAL NO  MEIO ACAD\u00caMICO E CIENT\u00cdFICO.","indexacao":"","observacao":"","resultado":"","texto_original":"http://sapl.santana.ap.leg.br/media/sapl/public/materialegislativa/2023/6700/requer_a_transformacao_da_sesscao_ordinaria_em_sessao_solene_para_a_realizacao_de_mocao_de_aplausos.doc","data_ultima_atualizacao":"2023-12-05T11:11:24.951676-03:00","ip":"","ultima_edicao":null,"tipo":6,"regime_tramitacao":3,"tipo_origem_externa":null,"local_origem_externa":null,"user":null,"anexadas":[],"autores":[42]}