{"id":6689,"__str__":"REQUERIMENTO n\u00ba 1161 de 2023","link_detail_backend":"/materia/6689","metadata":{},"numero":1161,"ano":2023,"numero_protocolo":1658,"data_apresentacao":"2023-11-27","tipo_apresentacao":"","data_publicacao":null,"numero_origem_externa":"","ano_origem_externa":null,"data_origem_externa":null,"apelido":"","dias_prazo":null,"data_fim_prazo":null,"em_tramitacao":true,"polemica":false,"objeto":"","complementar":false,"ementa":"REQUER AO SENHOR SEBASTI\u00c3O FERREIRA DA ROCHA, PREFEITO DO MUNIC\u00cdPIO DE SANTANA - PMS E AO SENHOR ANDERSON RICARDO DE ALMEIDA FEIO, SECRET\u00c1RIO MUNICIPAL DE OBRAS P\u00daBLICAS E SERVI\u00c7OS URBANOS- SEMOP, O SERVI\u00c7O DE CAPINA E LIMPEZA NA RUA PADRE VIT\u00d3RIO GALIANE, ENTRE A AV. DAS NA\u00c7\u00d5ES E AV. PRINCESA ISABEL, PARA\u00cdSO, SANTANA-AP.","indexacao":"","observacao":"","resultado":"","texto_original":"http://sapl.santana.ap.leg.br/media/sapl/public/materialegislativa/2023/6689/requerimento-capina_padre_vitorio.docx","data_ultima_atualizacao":"2023-12-05T11:11:23.535998-03:00","ip":"","ultima_edicao":null,"tipo":6,"regime_tramitacao":3,"tipo_origem_externa":null,"local_origem_externa":null,"user":null,"anexadas":[],"autores":[41]}