{"id":6670,"__str__":"MO\u00c7\u00c3O n\u00ba 24 de 2023","link_detail_backend":"/materia/6670","metadata":{},"numero":24,"ano":2023,"numero_protocolo":1639,"data_apresentacao":"2023-11-22","tipo_apresentacao":"","data_publicacao":null,"numero_origem_externa":"","ano_origem_externa":null,"data_origem_externa":null,"apelido":"","dias_prazo":null,"data_fim_prazo":null,"em_tramitacao":true,"polemica":false,"objeto":"","complementar":false,"ementa":"MO\u00c7\u00c3O DE APLAUSO AO ILUSTR\u00cdSSIMO  PROF. DR. IRLON MACIEL FERREIRA, PELOS RELEVANTES SERVI\u00c7OS PRESTADOS AO MUNIC\u00cdPIO DE SANTANA, EM ESPECIAL NO  MEIO ACAD\u00caMICO E CIENTIFICO, AO LEVANTAR A RELEV\u00c2NCIA E BUSCAR A EDUCA\u00c7\u00c3O E POPULARIZA\u00c7\u00c3O DA CI\u00caNCIA E TECNOLOGIA PARA A REGI\u00c3O.","indexacao":"","observacao":"","resultado":"","texto_original":"http://sapl.santana.ap.leg.br/media/sapl/public/materialegislativa/2023/6670/mocao_de_aplauso_ao_sr_irlon.doc","data_ultima_atualizacao":"2023-12-05T11:14:23.418336-03:00","ip":"","ultima_edicao":null,"tipo":7,"regime_tramitacao":3,"tipo_origem_externa":null,"local_origem_externa":null,"user":null,"anexadas":[],"autores":[42]}