{"id":6665,"__str__":"PARECER DE COMISS\u00d5ES n\u00ba 72 de 2023","link_detail_backend":"/materia/6665","metadata":{},"numero":72,"ano":2023,"numero_protocolo":1634,"data_apresentacao":"2023-11-22","tipo_apresentacao":"","data_publicacao":null,"numero_origem_externa":"","ano_origem_externa":null,"data_origem_externa":null,"apelido":"","dias_prazo":null,"data_fim_prazo":null,"em_tramitacao":true,"polemica":false,"objeto":"","complementar":false,"ementa":"DA COMISS\u00c3O DE CONSTITUI\u00c7\u00c3O JUSTI\u00c7A E REDA\u00c7\u00c3O, EM DECIS\u00c3O TERMINATIVA, AO PROJETO DE LEI N\u00ba 73/2023 - CMS, QUE DISP\u00d5E SOBRE A CRIA\u00c7\u00c3O DO PROGRAMA DE APOIO PSICOLOGICO AOS PROFISSIONAIS DA EDUCA\u00c7\u00c3O E D\u00c1 OUTRAS PROVID\u00caNCIAS, A QUAL ESTA COMISS\u00c3O OPINA PELA SUA APROVA\u00c7\u00c3O.","indexacao":"","observacao":"","resultado":"","texto_original":"http://sapl.santana.ap.leg.br/media/sapl/public/materialegislativa/2023/6665/parecer_do_projeto_de_lei_n732023.pdf","data_ultima_atualizacao":"2023-11-23T11:01:31.243632-03:00","ip":"","ultima_edicao":null,"tipo":15,"regime_tramitacao":3,"tipo_origem_externa":null,"local_origem_externa":null,"user":null,"anexadas":[],"autores":[46]}