{"id":6592,"__str__":"REQUERIMENTO n\u00ba 1092 de 2023","link_detail_backend":"/materia/6592","metadata":{},"numero":1092,"ano":2023,"numero_protocolo":1561,"data_apresentacao":"2023-11-09","tipo_apresentacao":"","data_publicacao":null,"numero_origem_externa":"","ano_origem_externa":null,"data_origem_externa":null,"apelido":"","dias_prazo":null,"data_fim_prazo":null,"em_tramitacao":true,"polemica":false,"objeto":"","complementar":false,"ementa":"REQUER AO EXCELENT\u00cdSSIMO SR\u00ba PRESIDENTE DA C\u00c2MARA DE VEREADORES DESTE MUNIC\u00cdPIO, AP\u00d3S TRAMITA\u00c7\u00c3O REGIMENTAL E OUVIDO O SOBERANO PLEN\u00c1RIO DESTA EGR\u00c9GIA CASA DE LEIS, SEJA ENVIADO O PRESENTE DOCUMENTO AO EXCELENT\u00cdSSIMO SR\u00ba PREFEITO SEBASTI\u00c3O BALA ROCHA, COM C\u00d3PIA AO STTRANS, SOLICITANDO SEM\u00c1FARO NA RUA GENERAL UBALDO FIGUEIRA COM ESTELIO DE OLIVEIRA, DEVIDO AO GRANDE INDICE DE ACIDENTES NAQUELE LOCAL.","indexacao":"","observacao":"","resultado":"","texto_original":"http://sapl.santana.ap.leg.br/media/sapl/public/materialegislativa/2023/6592/req._solicitacao_de_semafaro_na_rua_ubaldo_figueira.docx","data_ultima_atualizacao":"2023-11-14T09:47:16.158651-03:00","ip":"","ultima_edicao":null,"tipo":6,"regime_tramitacao":3,"tipo_origem_externa":null,"local_origem_externa":null,"user":null,"anexadas":[],"autores":[2]}