{"id":6010,"__str__":"REQUERIMENTO n\u00ba 674 de 2023","link_detail_backend":"/materia/6010","metadata":{},"numero":674,"ano":2023,"numero_protocolo":978,"data_apresentacao":"2023-08-03","tipo_apresentacao":"","data_publicacao":null,"numero_origem_externa":"","ano_origem_externa":null,"data_origem_externa":null,"apelido":"","dias_prazo":null,"data_fim_prazo":null,"em_tramitacao":false,"polemica":false,"objeto":"","complementar":false,"ementa":"REQUERER AO EXMO, SR, ANDERSON RICARDO ALMEIDA FEIO SECRETARIO DE OBRAS P\u00daBLICAS E SERVI\u00c7OS URBANOS DA PREFEITURA MUNICIPAL DE SANTANA, O SERVI\u00c7O DE ILUMINA\u00c7\u00c3O P\u00daBLICA NA EXTENS\u00c3O DA AVENIDA RIO BRANCO, NO TRECHO QUE COMPREENDE AS RUA: PRESIDENTE GENERAL EMILIO GARRASTAZU M\u00c9DICE E PRESIDENTE JUSCELINO KUBITSHECK DE OLIVEIRA, NO BAIRRO PARAISO.","indexacao":"","observacao":"","resultado":"","texto_original":"http://sapl.santana.ap.leg.br/media/sapl/public/materialegislativa/2023/6010/requerimento_02_-_legislativo.doc","data_ultima_atualizacao":"2023-08-09T10:49:13.597784-03:00","ip":"","ultima_edicao":null,"tipo":6,"regime_tramitacao":3,"tipo_origem_externa":null,"local_origem_externa":null,"user":null,"anexadas":[],"autores":[44]}