{"id":5985,"__str__":"REQUERIMENTO n\u00ba 655 de 2023","link_detail_backend":"/materia/5985","metadata":{},"numero":655,"ano":2023,"numero_protocolo":953,"data_apresentacao":"2023-07-31","tipo_apresentacao":"","data_publicacao":null,"numero_origem_externa":"","ano_origem_externa":null,"data_origem_externa":null,"apelido":"","dias_prazo":null,"data_fim_prazo":null,"em_tramitacao":true,"polemica":false,"objeto":"","complementar":false,"ementa":"REQUER AO EXCELENT\u00cdSSIMO SR. SEBASTI\u00c3O FERREIRA DA ROCHA \u2013 PREFEITO DO MUNIC\u00cdPIO DE SANTANA - PMS E PARA AO SR. ANDERSON RICARDO DE ALMEIDA FEIO \u2013 SECRET\u00c1RIO MUNICIPAL DE OBRAS P\u00daBLICAS E SERVI\u00c7OS URBANOS \u2013 SEMOP, A REALIZA\u00c7\u00c3O DE SERVI\u00c7OS DE MANUTEN\u00c7\u00c3O DA ILUMINA\u00c7\u00c3O P\u00daBLICA NA TRAVESSA MANOEL VIDEIRA, ENTRE AS AVENIDAS PEDRO DA COSTA FAVELA E LUCENA DE AZEVEDO, NO BAIRRO DANIEL. POSTE N\u00ba 01079.","indexacao":"","observacao":"","resultado":"","texto_original":"http://sapl.santana.ap.leg.br/media/sapl/public/materialegislativa/2023/5985/requerimento_da_iluminacao_publica_da_travessa_manoel_videira_-__pronto_para_adicionar_no_sapl.pdf","data_ultima_atualizacao":"2023-08-03T10:37:59.979198-03:00","ip":"","ultima_edicao":null,"tipo":6,"regime_tramitacao":3,"tipo_origem_externa":null,"local_origem_externa":null,"user":null,"anexadas":[],"autores":[16]}