{"id":5893,"__str__":"PROJETO DE LEI ORDIN\u00c1RIA n\u00ba 39 de 2023","link_detail_backend":"/materia/5893","metadata":{},"numero":39,"ano":2023,"numero_protocolo":861,"data_apresentacao":"2023-06-19","tipo_apresentacao":"E","data_publicacao":null,"numero_origem_externa":"","ano_origem_externa":null,"data_origem_externa":null,"apelido":"","dias_prazo":null,"data_fim_prazo":null,"em_tramitacao":true,"polemica":false,"objeto":"","complementar":false,"ementa":"ALTERA OS INCISOS II E III DO ART. 3\u00ba,  DO PROJETO DE LEI N\u00ba 39/2023 \u2013 PMS, DE 14 DE JUNHO DE 2023 QUE DISP\u00d5E SOBRE A CRIA\u00c7\u00c3O DO AUX\u00cdLIO-ALIMENTA\u00c7\u00c3O PARA OS SERVIDORES DA ADMINISTRA\u00c7\u00c3O GERAL E DA SECRETARIA MUNICIPAL DE SA\u00daDE, REGIDOS PELA LEI N\u00ba 959, DE 01 DE JUNHO DE 2012, NO \u00c2MBITO DO PODER EXECUTIVO DO MUNIC\u00cdPIO DE SANTANA-AP, E D\u00c1 OUTRAS PROVID\u00caNCIAS.","indexacao":"DISP\u00d5E SOBRE A CRIA\u00c7\u00c3O DO AUX\u00cdLIO ALIMENTA\u00c7\u00c3O PARA OS SERVIDORES DA ADMINISTRA\u00c7\u00c3O GERAL E DA SECRETARIA MUNICIPAL DE SA\u00daDE, REGIDOS PELA LEI N\u00ba 959, DE JUNHO DE 2012, NO \u00c2MBITO DO PODER EXECUTIVO DO MUNIC\u00cdPIO DE SANTANA, E D\u00c1 OUTRAS PROVID\u00caNCIAS.","observacao":"","resultado":"","texto_original":"http://sapl.santana.ap.leg.br/media/sapl/public/materialegislativa/2023/5893/projeto_de_lei_no_39-2023-nova_redacao.docx","data_ultima_atualizacao":"2023-06-28T14:14:44.494158-03:00","ip":"191.6.126.197","ultima_edicao":"2023-06-28T14:14:44.072615-03:00","tipo":5,"regime_tramitacao":3,"tipo_origem_externa":null,"local_origem_externa":null,"user":5,"anexadas":[5960,5964,5965],"autores":[17]}