{"id":5892,"__str__":"PROJETO DE LEI ORDIN\u00c1RIA n\u00ba 38 de 2023","link_detail_backend":"/materia/5892","metadata":{},"numero":38,"ano":2023,"numero_protocolo":860,"data_apresentacao":"2023-06-19","tipo_apresentacao":"E","data_publicacao":null,"numero_origem_externa":"","ano_origem_externa":null,"data_origem_externa":null,"apelido":"","dias_prazo":null,"data_fim_prazo":null,"em_tramitacao":true,"polemica":false,"objeto":"","complementar":false,"ementa":"ALTERA OS INCISOS II E III DO ART. 3\u00b0 DO PROJETO DE LEI N\u00b0 38/2023 - PMS, DE 14 DE JUNHO DE 2023 QUE DISP\u00d5E SOBRE A CRIA\u00c7\u00c3O DO AUX\u00cdLIO\r\nALIMENTA\u00c7\u00c3O PARA OS GRUPOS OCUPACIONAIS DO MAGIST\u00c9RIO, DE AUXILIARES EDUCACIONAIS E DE APOIO ESPECIALIZADOS, REGIDOS PELA LEI N\u00b0 849 DE 08 DE MAR\u00c7O DE 2010 E D\u00c1 OUTRAS PROVID\u00caNCIAS","indexacao":"DISP\u00d5E SOBRE A CRIA\u00c7\u00c3O DO AUX\u00cdLIO ALIMENTA\u00c7\u00c3O PARA OS GRUPOS OCUPACIONAIS DO MAGIST\u00c9RIO, DE AUXILIARES EDUCACIONAIS E DE APOIO ESPECIALIZADO, REGIDOS PELA LEI N\u00ba 849, DE 08 DE MAR\u00c7O DE 2010 E D\u00c1 OUTRAS PROVID\u00caNCIAS.","observacao":"","resultado":"","texto_original":"http://sapl.santana.ap.leg.br/media/sapl/public/materialegislativa/2023/5892/projeto_de_lei_no_38-2023_com_emendas.pdf","data_ultima_atualizacao":"2023-06-28T14:08:50.724562-03:00","ip":"191.6.126.197","ultima_edicao":"2023-06-28T14:06:03.480517-03:00","tipo":5,"regime_tramitacao":3,"tipo_origem_externa":null,"local_origem_externa":null,"user":5,"anexadas":[5959,5962,5963],"autores":[17]}