{"id":5870,"__str__":"PROJETO DE LEI ORDIN\u00c1RIA n\u00ba 36 de 2023","link_detail_backend":"/materia/5870","metadata":{},"numero":36,"ano":2023,"numero_protocolo":838,"data_apresentacao":"2023-06-14","tipo_apresentacao":"","data_publicacao":null,"numero_origem_externa":"","ano_origem_externa":null,"data_origem_externa":null,"apelido":"","dias_prazo":null,"data_fim_prazo":null,"em_tramitacao":true,"polemica":false,"objeto":"","complementar":false,"ementa":"ESTABELECE AS DIRETRIZES E BASES DA EDUCA\u00c7\u00c3O NACIONAL, CONFORME LEI N.\u00ba 11.645, DE 10 DE MAR\u00c7O DE 2008. PARA INCLUIR NO CURR\u00cdCULO OFICIAL DOS ESTABELECIMENTOS DE ENSINO FUNDAMENTAL E DE ENSINO M\u00c9DIO, P\u00daBLICOS E PRIVADOS DO MUNIC\u00cdPIO A OBRIGATORIEDADE DA TEM\u00c1TICA \u201cHIST\u00d3RIA E CULTURA AFRO-BRASILEIRA E IND\u00cdGENA\u201d. NO \u00c2MBITO DO MUNIC\u00cdPIO DE SANTANA NO ESTADO DO AMAP\u00c1","indexacao":"","observacao":"REJEITADO PELA COMISS\u00c3O CCJR","resultado":"","texto_original":"http://sapl.santana.ap.leg.br/media/sapl/public/materialegislativa/2023/5870/projeto_de_lei_estabelece_a_obrigatoriedade_da_tematica_historia_e_cultura_afro-brasileira_e_indigena.docx","data_ultima_atualizacao":"2024-06-24T09:19:45.816448-03:00","ip":"186.216.179.19","ultima_edicao":"2024-06-24T09:19:45.628561-03:00","tipo":5,"regime_tramitacao":3,"tipo_origem_externa":null,"local_origem_externa":null,"user":31,"anexadas":[],"autores":[37]}