{"id":5843,"__str__":"INDICA\u00c7\u00c3O n\u00ba 99 de 2023","link_detail_backend":"/materia/5843","metadata":{},"numero":99,"ano":2023,"numero_protocolo":811,"data_apresentacao":"2023-06-12","tipo_apresentacao":"","data_publicacao":null,"numero_origem_externa":"","ano_origem_externa":null,"data_origem_externa":null,"apelido":"","dias_prazo":null,"data_fim_prazo":null,"em_tramitacao":true,"polemica":false,"objeto":"","complementar":false,"ementa":"INDICA AO GOVERNO DO ESTADO DO AMAP\u00c1, ATRAV\u00c9S DA SECRETARIA DE ESTADO DE CULTURA, SOLICITANDO A CRIA\u00c7\u00c3O DE UM GRUPO T\u00c9CNICO DE TRABALHO PARA IDENTIFICAR E AVALIAR A POSSIBILIDADE DE SER CONCEDIDO A TITULARIDADE DE PATRIM\u00d4NIO HIST\u00d3RICO MATERIAL E IMATERIAL DO MUNIC\u00cdPIO DE SANTANA.","indexacao":"","observacao":"","resultado":"","texto_original":"http://sapl.santana.ap.leg.br/media/sapl/public/materialegislativa/2023/5843/indicacao_sec._de_cultura_-_patrimonio_hist..pdf","data_ultima_atualizacao":"2023-06-13T11:00:37.156377-03:00","ip":"","ultima_edicao":null,"tipo":3,"regime_tramitacao":3,"tipo_origem_externa":null,"local_origem_externa":null,"user":null,"anexadas":[],"autores":[34]}