{"id":5842,"__str__":"INDICA\u00c7\u00c3O n\u00ba 98 de 2023","link_detail_backend":"/materia/5842","metadata":{},"numero":98,"ano":2023,"numero_protocolo":810,"data_apresentacao":"2023-06-12","tipo_apresentacao":"","data_publicacao":null,"numero_origem_externa":"","ano_origem_externa":null,"data_origem_externa":null,"apelido":"","dias_prazo":null,"data_fim_prazo":null,"em_tramitacao":true,"polemica":false,"objeto":"","complementar":false,"ementa":"INDICA AO GOVERNO DO ESTADO DO AMAP\u00c1, ATRAV\u00c9S DA SECRETARIA DE ESTADO DE CULTURA, QUE DISPONIBILIZE A ESTRUTURA NECESS\u00c1RIA PARA A REALIZA\u00c7\u00c3O DA FESTIVIDADE DA PADROEIRA DE SANTANA \u00a8SANTA ANA\u00a8, QUE SER\u00c1 REALIZADA NA ILHA DE SANTANA E OCORRER\u00c1 NO M\u00caS DE JULHO.","indexacao":"","observacao":"","resultado":"","texto_original":"http://sapl.santana.ap.leg.br/media/sapl/public/materialegislativa/2023/5842/indicacao_sec._de_cultura_-_santa_ana.pdf","data_ultima_atualizacao":"2023-06-13T11:00:36.958079-03:00","ip":"","ultima_edicao":null,"tipo":3,"regime_tramitacao":3,"tipo_origem_externa":null,"local_origem_externa":null,"user":null,"anexadas":[],"autores":[34]}